{"id":24347,"date":"2025-09-03T16:28:49","date_gmt":"2025-09-03T13:28:49","guid":{"rendered":"https:\/\/www.iqplus.ro\/index.php\/digitalne-vzdelavanie-na-slovensku-vyzvy-trendy-a-perspektivy\/"},"modified":"2025-09-03T16:28:49","modified_gmt":"2025-09-03T13:28:49","slug":"digitalne-vzdelavanie-na-slovensku-vyzvy-trendy-a-perspektivy","status":"publish","type":"post","link":"https:\/\/www.iqplus.ro\/index.php\/digitalne-vzdelavanie-na-slovensku-vyzvy-trendy-a-perspektivy\/","title":{"rendered":"Digit\u00e1lne vzdel\u00e1vanie na Slovensku: V\u00fdzvy, trendy a perspekt\u00edvy"},"content":{"rendered":"<p>V \u010dase, ke\u010f digitaliz\u00e1cia prenik\u00e1 do v\u0161etk\u00fdch aspektov spolo\u010dnosti, \u0161kolstvo nie je v\u00fdnimkou. Slovensk\u00fd trh s digit\u00e1lnymi vzdel\u00e1vac\u00edmi n\u00e1strojmi za\u017e\u00edva dynamick\u00fd rozvoj, ktor\u00fd ovplyv\u0148uje nielen pedag\u00f3gov a \u0161tudentov, ale aj tvorcov politiky a technologick\u00fdch inov\u00e1ci\u00ed. Oplat\u00ed sa d\u00f4kladne analyzova\u0165, ak\u00e9 faktory formuj\u00fa t\u00fato krajinu digit\u00e1lneho vzdel\u00e1vania a ak\u00e9 perspekt\u00edvy z nej vypl\u00fdvaj\u00fa.<\/p>\n<h2>V\u00fdvoj digit\u00e1lneho vzdel\u00e1vania na Slovensku<\/h2>\n<p>Pod\u013ea najnov\u0161\u00edch \u0161t\u00fadi\u00ed a spr\u00e1v (<a href=\"https:\/\/www.alfabet.sk\/\">www.alfabet.sk<\/a>), slovensk\u00fd trh s digit\u00e1lnymi vzdel\u00e1vac\u00edmi n\u00e1strojmi zaznamenal v posledn\u00fdch piatich rokoch exponenci\u00e1lny rast. \u010c\u00edsla ukazuj\u00fa, \u017ee invest\u00edcie do digit\u00e1lnej infra\u0161trukt\u00fary, rozvoja e-learningov\u00fdch platforiem a \u0161kolsk\u00fdch softv\u00e9rov sa bl\u00ed\u017eia k miliardov\u00fdm hodnot\u00e1m eur.<\/p>\n<table>\n<thead>\n<tr>\n<th>Ro\u010dn\u00e9 invest\u00edcie (mil. EUR)<\/th>\n<th>Hlavn\u00e9 oblasti invest\u00edci\u00ed<\/th>\n<th>Po\u010det aktiv\u00e1ci\u00ed pou\u017e\u00edvate\u013eov (tis.) \/ rok<\/th>\n<\/tr>\n<\/thead>\n<tbody>\n<tr>\n<td>2018<\/td>\n<td>Roz\u0161\u00edrenie digit\u00e1lnych tab\u00fa\u013e, \u0161kolsk\u00e9 softv\u00e9ry<\/td>\n<td>250 \/ 300<\/td>\n<\/tr>\n<tr>\n<td>2019<\/td>\n<td>Vzdel\u00e1vacie platformy, LMS syst\u00e9my<\/td>\n<td>400 \/ 450<\/td>\n<\/tr>\n<tr>\n<td>2020<\/td>\n<td>Startupy v edtech sektore, e-knihy<\/td>\n<td>600 \/ 700<\/td>\n<\/tr>\n<tr>\n<td>2021<\/td>\n<td>Online kurzy, virtu\u00e1lna realita<\/td>\n<td>900 \/ 1000<\/td>\n<\/tr>\n<tr>\n<td>2022<\/td>\n<td>Hybridn\u00e9 vyu\u010dovanie, adaptive learning<\/td>\n<td>1300 \/ 1500<\/td>\n<\/tr>\n<\/tbody>\n<\/table>\n<p><em>Zdroj: www.alfabet.sk<\/em> <\/p>\n<h2>K\u013e\u00fa\u010dov\u00e9 faktory formuj\u00face digit\u00e1lne vzdel\u00e1vanie na Slovensku<\/h2>\n<h3>Politick\u00fd a legislat\u00edvny r\u00e1mec<\/h3>\n<p>Na Slovensku sa od za\u010diatku pand\u00e9mie COVID-19 ur\u00fdchlilo zav\u00e1dzanie digit\u00e1lnych n\u00e1strojov do \u0161kolsk\u00e9ho syst\u00e9mu. Ministerstvo \u0161kolstva akt\u00edvne podporuje projekty moderniz\u00e1cie \u0161k\u00f4l, vr\u00e1tane digitaliz\u00e1cie u\u010debn\u00ed a \u0161kolskej infra\u0161trukt\u00fary. D\u00f4le\u017eit\u00fdm dokumentom je N\u00e1rodn\u00e1 strat\u00e9gia rozvoja digit\u00e1lneho vzdel\u00e1vania, ktor\u00e1 nastavuje ciele na najbli\u017e\u0161\u00edch desa\u0165 rokov.<\/p>\n<h3>Technologick\u00e1 infra\u0161trukt\u00fara a dostupnos\u0165<\/h3>\n<p>\u0160tatistiky ukazuj\u00fa, \u017ee pribli\u017ene 80 % slovensk\u00fdch \u0161k\u00f4l m\u00e1 pr\u00edstup k \u0161\u00edrkovo dosta\u010dk\u00fdm internetov\u00fdm pripojeniam, av\u0161ak hlavn\u00e1 v\u00fdzva spo\u010d\u00edva v rovnomernom rozvoji a kvalifikovanosti pedagogick\u00fdch pracovn\u00edkov. Digitaliz\u00e1cie je tie\u017e limitovan\u00e1 pokryt\u00edm a dostupnos\u0165ou zariaden\u00ed medzi \u0161tudentmi zo soci\u00e1lne slab\u0161\u00edch prostred\u00ed.<\/p>\n<h3>Inov\u00e1cie a inov\u00e1tori v oblasti edtech<\/h3>\n<p>Na slovenskom trhu vznikaj\u00fa startupy a inov\u00e1tori, ktor\u00fdch ciele s\u00fa sprev\u00e1dzan\u00e9 amb\u00edciami zmeni\u0165 sp\u00f4sob, ak\u00fdm sa u\u010d\u00ed. Napr\u00edklad platformy implementuj\u00fa umel\u00fa inteligenciu, adaptive learning a gamifik\u00e1ciu, aby zv\u00fd\u0161ili efektivitu a motiv\u00e1ciu \u0161tudentov.<\/p>\n<h2>Vplyv digit\u00e1lnej transform\u00e1cie na \u0161tandardy kvalitn\u00e9ho vzdel\u00e1vania<\/h2>\n<blockquote><p>\n&#8220;Digit\u00e1lna transform\u00e1cia instit\u00faci\u00ed a pr\u00edprava u\u010dite\u013eov je k\u013e\u00fa\u010dom k udr\u017eate\u013en\u00e9mu rozvoju vzdel\u00e1vania, ktor\u00e9 je pr\u00edstupn\u00e9, inkluz\u00edvne a efekt\u00edvne,&#8221; tvrd\u00ed odborn\u00edk z port\u00e1lu www.alfabet.sk.\n<\/p><\/blockquote>\n<p>Medzi v\u00fdrazn\u00e9 trendy patr\u00ed posil\u0148ovanie roly personalizovan\u00e9ho u\u010denia, rozvoj eduka\u010dn\u00fdch hier a otvoren\u00fdch vzdel\u00e1vac\u00edch zdrojov. V\u00fdskumy taktie\u017e poukazuj\u00fa na v\u00fdznam spolupr\u00e1ce medzi \u0161kolami, technol\u00f3gick\u00fdmi firmami a \u0161t\u00e1tnymi agent\u00farami na vytv\u00e1ran\u00ed jednotnej platformy digit\u00e1lneho vzdel\u00e1vania.<\/p>\n<h2>Predpoklady pre \u010fal\u0161\u00ed rast a rozvoj<\/h2>\n<ul style=\"margin-top:1rem; font-size:1.1rem;\">\n<li><strong>Invest\u00edcie a financovanie:<\/strong> zv\u00fd\u0161enie rozpo\u010dtu do digit\u00e1lnej infra\u0161trukt\u00fary a \u0161kolen\u00ed.<\/li>\n<li><strong>Vzdel\u00e1vanie u\u010dite\u013eov:<\/strong> kontinu\u00e1lne programy digit\u00e1lnej pedagogiky a technickej gramotnosti.<\/li>\n<li><strong>Zlep\u0161enie dostupnosti:<\/strong> roz\u0161\u00edrenie pr\u00edstupu v okrajov\u00fdch regi\u00f3noch.<\/li>\n<li><strong>Inovat\u00edvne n\u00e1stroje:<\/strong> akceler\u00e1cia zav\u00e1dzania umelej inteligencie, VR a AR.<\/li>\n<\/ul>\n<h2>Z\u00e1ver: V\u00fdzvy a pr\u00edle\u017eitosti<\/h2>\n<p>Digitaliz\u00e1cia vzdel\u00e1vania na Slovensku predstavuje nielen technick\u00fa, ale aj soci\u00e1lnu v\u00fdzvu. \u00daspe\u0161n\u00e1 implement\u00e1cia z\u00e1vis\u00ed od komplexn\u00e9ho pr\u00edstupu, ktor\u00fd kombinuje politick\u00fa v\u00f4\u013eu, technick\u00e9 inov\u00e1cie a rozvoj pedagogick\u00fdch schopnost\u00ed. K\u013e\u00fa\u010dov\u00fdm zdrojom, ktor\u00fd poskytuje detailn\u00e9 anal\u00fdzy a najnov\u0161ie \u0161tatistiky, je port\u00e1l www.alfabet.sk.<\/p>\n<p>T\u00e1to platforma sa st\u00e1va neocenite\u013en\u00fdm zdrojom pre v\u0161etk\u00fdch, ktor\u00ed sa zauj\u00edmaj\u00fa o aktu\u00e1lne trendy, v\u00fdzvy a \u00faspe\u0161n\u00e9 pr\u00edbehy digit\u00e1lnej transform\u00e1cie slovensk\u00e9ho \u0161kolstva.<\/p>\n","protected":false},"excerpt":{"rendered":"<p>V \u010dase, ke\u010f digitaliz\u00e1cia prenik\u00e1 do v\u0161etk\u00fdch aspektov spolo\u010dnosti, \u0161kolstvo nie je v\u00fdnimkou. Slovensk\u00fd trh s digit\u00e1lnymi vzdel\u00e1vac\u00edmi n\u00e1strojmi za\u017e\u00edva dynamick\u00fd rozvoj, ktor\u00fd ovplyv\u0148uje nielen pedag\u00f3gov a \u0161tudentov, ale aj&hellip;<\/p>\n","protected":false},"author":16,"featured_media":0,"comment_status":"","ping_status":"","sticky":false,"template":"","format":"standard","meta":{"footnotes":""},"categories":[1],"tags":[],"class_list":["post-24347","post","type-post","status-publish","format-standard","hentry","category-uncategorized"],"_links":{"self":[{"href":"https:\/\/www.iqplus.ro\/index.php\/wp-json\/wp\/v2\/posts\/24347","targetHints":{"allow":["GET"]}}],"collection":[{"href":"https:\/\/www.iqplus.ro\/index.php\/wp-json\/wp\/v2\/posts"}],"about":[{"href":"https:\/\/www.iqplus.ro\/index.php\/wp-json\/wp\/v2\/types\/post"}],"author":[{"embeddable":true,"href":"https:\/\/www.iqplus.ro\/index.php\/wp-json\/wp\/v2\/users\/16"}],"replies":[{"embeddable":true,"href":"https:\/\/www.iqplus.ro\/index.php\/wp-json\/wp\/v2\/comments?post=24347"}],"version-history":[{"count":0,"href":"https:\/\/www.iqplus.ro\/index.php\/wp-json\/wp\/v2\/posts\/24347\/revisions"}],"wp:attachment":[{"href":"https:\/\/www.iqplus.ro\/index.php\/wp-json\/wp\/v2\/media?parent=24347"}],"wp:term":[{"taxonomy":"category","embeddable":true,"href":"https:\/\/www.iqplus.ro\/index.php\/wp-json\/wp\/v2\/categories?post=24347"},{"taxonomy":"post_tag","embeddable":true,"href":"https:\/\/www.iqplus.ro\/index.php\/wp-json\/wp\/v2\/tags?post=24347"}],"curies":[{"name":"wp","href":"https:\/\/api.w.org\/{rel}","templated":true}]}}