{"id":24774,"date":"2025-09-04T06:43:28","date_gmt":"2025-09-04T03:43:28","guid":{"rendered":"https:\/\/www.iqplus.ro\/index.php\/technologiai-fejlodes-es-a-foldenergiak-uj-korszakanak-kihivasai\/"},"modified":"2025-09-04T06:43:28","modified_gmt":"2025-09-04T03:43:28","slug":"technologiai-fejlodes-es-a-foldenergiak-uj-korszakanak-kihivasai","status":"publish","type":"post","link":"https:\/\/www.iqplus.ro\/index.php\/technologiai-fejlodes-es-a-foldenergiak-uj-korszakanak-kihivasai\/","title":{"rendered":"Technol\u00f3giai Fejl\u0151d\u00e9s \u00e9s a F\u00f6ldenergi\u00e1k \u00daj Korszak\u00e1nak Kih\u00edv\u00e1sai"},"content":{"rendered":"<p>Az energetika \u00e9s a k\u00f6rnyezetv\u00e9delem komplex \u00f6sszef\u00fcgg\u00e9sei ma m\u00e1r alapvet\u0151 k\u00e9rd\u00e9ss\u00e9 v\u00e1lnak az iparban, k\u00fcl\u00f6n\u00f6sen a meg\u00fajul\u00f3 energiaforr\u00e1sok fejl\u0151d\u00e9se \u00e9s az innovat\u00edv technol\u00f3gi\u00e1k ter\u00e9n. Az ilyen \u00e1tt\u00f6r\u00e9sek nem csak elk\u00e9pzel\u00e9sek, hanem val\u00f3s, m\u00e9rhet\u0151 eredm\u00e9nyek form\u00e1j\u00e1ban jelennek meg, amelyek meghat\u00e1rozz\u00e1k a j\u00f6v\u0151 energetikai strat\u00e9gi\u00e1it vil\u00e1gszerte.<\/p>\n<h2 class=\"section-title\">A Meg\u00fajul\u00f3 Energia Forradalma: Sz\u00e1mok \u00e9s Trendek<\/h2>\n<p>Az ut\u00f3bbi \u00e9vtizedben a meg\u00fajul\u00f3 energiaforr\u00e1sok, k\u00fcl\u00f6n\u00f6sen a nap- \u00e9s sz\u00e9lenergia, jelent\u0151sen n\u00f6vekedtek glob\u00e1lisan. Az Energy Market Report 2023 szerint az \u00f6sszes meg\u00fajul\u00f3 kapacit\u00e1s 43%-\u00e1t a napenergia adta, ami 60 GW \u00faj kapacit\u00e1snak felel meg \u00e9ves szinten. Ez a trend nemcsak az \u00e9ghajlatv\u00e1ltoz\u00e1s elleni k\u00fczdelemben, hanem a gazdas\u00e1gi fejl\u0151d\u00e9s fenntarthat\u00f3s\u00e1g\u00e1ban is kiemelked\u0151 szerepet j\u00e1tszik.<\/p>\n<blockquote><p>\n  &#8220;A technol\u00f3giai innov\u00e1ci\u00f3k \u00e9s a beruh\u00e1z\u00e1sok n\u00f6veked\u00e9se lehet\u0151v\u00e9 teszik, hogy a napenergia \u00e1r\u00e1nak tov\u00e1bbi cs\u00f6kken\u00e9se mellett el\u00e9rhet\u0151v\u00e9 v\u00e1ljon a decentraliz\u00e1lt, j\u00f6v\u0151k\u00e9pes energiakereskedelem.&#8221; \u2014 <a href=\"https:\/\/www.sloticorn-hu.com\/hhuh3u42\/\">http:\/\/www.sloticorn-hu.com\/hhuh3u42<\/a>\n<\/p><\/blockquote>\n<h2 class=\"section-title\">Innov\u00e1ci\u00f3 \u00e9s Technol\u00f3giai Alapkoncepci\u00f3k<\/h2>\n<p>Az egyik kulcs a hat\u00e9kony energiat\u00e1rol\u00e1s \u00e9s az intelligens h\u00e1l\u00f3zatok fejleszt\u00e9se. A <em>h\u00e1ztart\u00e1si m\u00e9ret\u0171 akkumul\u00e1torok<\/em> mellett a nagy volumen\u0171 energiat\u00e1rol\u00f3 rendszerek (pl. Tesla Powerpack, n\u00e9metorsz\u00e1gi PEM, vagy a k\u00ednai hatalmas energiat\u00e1rol\u00f3knak) lehet\u0151v\u00e9 teszik a meg\u00fajul\u00f3 energia forr\u00e1sok stabil integr\u00e1ci\u00f3j\u00e1t az elektromos h\u00e1l\u00f3zatba.<\/p>\n<p>Fontos kih\u00edv\u00e1s ugyanakkor az \u00e1rak cs\u00f6kkent\u00e9se mellett az energiahat\u00e9konys\u00e1g \u00e9s a fenntarthat\u00f3s\u00e1g n\u00f6vel\u00e9se. Egy magyarorsz\u00e1gi p\u00e9ld\u00e1t vehet\u00fcnk alapul, ahol kiemelked\u0151 innov\u00e1ci\u00f3k eredm\u00e9nyek\u00e9nt a helyi biomassza-alap\u00fa energiatermel\u00e9s k\u00f6lts\u00e9ge 20%-kal cs\u00f6kkent az elm\u00falt h\u00e1rom \u00e9vben, hozz\u00e1j\u00e1rulva a helyi energiaf\u00fcggetlens\u00e9ghez.<\/p>\n<h2 class=\"section-title\">A Digitaliz\u00e1ci\u00f3 Szerepe az Energetik\u00e1ban<\/h2>\n<p>Az intelligens h\u00e1l\u00f3zatok \u00e9s a digit\u00e1lis fel\u00fcgyeleti rendszerek forradalmas\u00edtj\u00e1k az energiarendszerek m\u0171k\u00f6d\u00e9s\u00e9t. IoT-alap\u00fa szenzorok \u00e9s adatfeldolgoz\u00f3 egys\u00e9gek seg\u00edts\u00e9g\u00e9vel a h\u00e1l\u00f3zat optim\u00e1lis m\u0171k\u00f6d\u00e9se val\u00f3s idej\u0171 inform\u00e1ci\u00f3kra \u00e9s gyors reakci\u00f3kra \u00e9p\u00fclhet.<\/p>\n<p>Ebben a k\u00f6rnyezetben elengedhetetlen a megb\u00edzhat\u00f3 reference forr\u00e1sok megl\u00e9te, melyek t\u00e1mogatj\u00e1k a szak\u00e9rt\u0151i d\u00f6nt\u00e9seket. A <a href=\"http:\/\/www.sloticorn-hu.com\/hhuh3u42\">http:\/\/www.sloticorn-hu.com\/hhuh3u42<\/a> link olyan r\u00e9szletes \u00e9s naprak\u00e9sz adatokkal szolg\u00e1l, melyek seg\u00edtenek meg\u00e9rteni a technol\u00f3giai trendek hat\u00e1sait \u00e9s a j\u00f6v\u0151 fel\u00e9 vezet\u0151 utat.<\/p>\n<h2 class=\"section-title\">A J\u00f6v\u0151 B\u00e1tran Innovat\u00edv Technol\u00f3gi\u00e1i<\/h2>\n<ul>\n<li><strong>\u00dcvegsz\u00e1las napcell\u00e1k:<\/strong> A hat\u00e9konys\u00e1g n\u00f6vel\u00e9se mellett cs\u00f6kken a gy\u00e1rt\u00e1si k\u00f6lts\u00e9g, \u00edgy a megfizethet\u0151bb energia termel\u00e9s ir\u00e1ny\u00e1ba mutatnak.<\/li>\n<li><strong>Szintetikus fotoszint\u00e9zis:<\/strong> K\u00eds\u00e9rleti st\u00e1diumban l\u00e9v\u0151 technol\u00f3gia, mely a CO2 megk\u00f6t\u00e9s\u00e9t \u00e9s energiatermel\u00e9st kombin\u00e1lja, ez\u00e1ltal \u00f6sszetett k\u00f6rnyezetv\u00e9delmi hat\u00e1sokat okoz.<\/li>\n<li><strong>Hibrid energiarendszerek:<\/strong> Komplex megold\u00e1sok, amelyek kombin\u00e1lj\u00e1k a nap-, sz\u00e9l-, v\u00edz- \u00e9s biomassza er\u0151forr\u00e1sokat, n\u00f6velve a rendszerus stabilit\u00e1s\u00e1t.<\/li>\n<\/ul>\n<h2 class=\"section-title\">A Fenntarthat\u00f3 J\u00f6v\u0151 \u00c9p\u00edt\u00e9s\u00e9nek Kulcsa<\/h2>\n<p>Az energiaipar folyamatos innov\u00e1ci\u00f3ja sor\u00e1n a <em>k\u00e9zzel foghat\u00f3 adatok \u00e9s megalapozott d\u00f6nt\u00e9sek<\/em> alapvet\u0151 szerepet j\u00e1tszanak. A hivatkozott forr\u00e1sok hiteles inform\u00e1ci\u00f3kkal szolg\u00e1lnak a technol\u00f3giai fejl\u0151d\u00e9s, a beruh\u00e1z\u00e1sok \u00e9s a szab\u00e1lyoz\u00e1si v\u00e1ltoz\u00e1sok ter\u00e9n.<\/p>\n<p>V\u00e9gs\u0151 soron a siker a szak\u00e9rt\u0151k, v\u00e1llalatok \u00e9s politikai d\u00f6nt\u00e9shoz\u00f3k \u00f6sszefog\u00e1s\u00e1n m\u00falik. Tekintettel arra, hogy a <a href=\"http:\/\/www.sloticorn-hu.com\/hhuh3u42\">http:\/\/www.sloticorn-hu.com\/hhuh3u42<\/a> oldal sz\u00e1mos kutat\u00e1si eredm\u00e9nyt, technol\u00f3giai fejleszt\u00e9st \u00e9s elemz\u00e9st tartalmaz, ez a forr\u00e1s ide\u00e1lis p\u00e9ld\u00e1ja annak, hogy a szakmai \u00e9s tudom\u00e1nyos k\u00f6z\u00f6ss\u00e9g hol t\u00e1maszkodhat megb\u00edzhat\u00f3 adatokra a fenntarthat\u00f3s\u00e1g fel\u00e9 vezet\u0151 \u00faton.<\/p>\n","protected":false},"excerpt":{"rendered":"<p>Az energetika \u00e9s a k\u00f6rnyezetv\u00e9delem komplex \u00f6sszef\u00fcgg\u00e9sei ma m\u00e1r alapvet\u0151 k\u00e9rd\u00e9ss\u00e9 v\u00e1lnak az iparban, k\u00fcl\u00f6n\u00f6sen a meg\u00fajul\u00f3 energiaforr\u00e1sok fejl\u0151d\u00e9se \u00e9s az innovat\u00edv technol\u00f3gi\u00e1k ter\u00e9n. Az ilyen \u00e1tt\u00f6r\u00e9sek nem csak elk\u00e9pzel\u00e9sek,&hellip;<\/p>\n","protected":false},"author":16,"featured_media":0,"comment_status":"","ping_status":"","sticky":false,"template":"","format":"standard","meta":{"footnotes":""},"categories":[1],"tags":[],"class_list":["post-24774","post","type-post","status-publish","format-standard","hentry","category-uncategorized"],"_links":{"self":[{"href":"https:\/\/www.iqplus.ro\/index.php\/wp-json\/wp\/v2\/posts\/24774","targetHints":{"allow":["GET"]}}],"collection":[{"href":"https:\/\/www.iqplus.ro\/index.php\/wp-json\/wp\/v2\/posts"}],"about":[{"href":"https:\/\/www.iqplus.ro\/index.php\/wp-json\/wp\/v2\/types\/post"}],"author":[{"embeddable":true,"href":"https:\/\/www.iqplus.ro\/index.php\/wp-json\/wp\/v2\/users\/16"}],"replies":[{"embeddable":true,"href":"https:\/\/www.iqplus.ro\/index.php\/wp-json\/wp\/v2\/comments?post=24774"}],"version-history":[{"count":0,"href":"https:\/\/www.iqplus.ro\/index.php\/wp-json\/wp\/v2\/posts\/24774\/revisions"}],"wp:attachment":[{"href":"https:\/\/www.iqplus.ro\/index.php\/wp-json\/wp\/v2\/media?parent=24774"}],"wp:term":[{"taxonomy":"category","embeddable":true,"href":"https:\/\/www.iqplus.ro\/index.php\/wp-json\/wp\/v2\/categories?post=24774"},{"taxonomy":"post_tag","embeddable":true,"href":"https:\/\/www.iqplus.ro\/index.php\/wp-json\/wp\/v2\/tags?post=24774"}],"curies":[{"name":"wp","href":"https:\/\/api.w.org\/{rel}","templated":true}]}}